{"id":121,"date":"2024-06-20T11:24:00","date_gmt":"2024-06-20T11:24:00","guid":{"rendered":"https:\/\/fiacifca.org\/?p=121"},"modified":"2024-06-20T07:25:51","modified_gmt":"2024-06-20T07:25:51","slug":"como-se-creo-el-universo-segun-la-religion-catolica","status":"publish","type":"post","link":"https:\/\/fiacifca.org\/?p=121","title":{"rendered":"C\u00f3mo Se Cre\u00f3 el Universo Seg\u00fan la Religi\u00f3n Cat\u00f3lica"},"content":{"rendered":"\n<p>Desde tiempos inmemoriales, la humanidad ha buscado respuestas sobre el origen del cosmos. La religi\u00f3n cat\u00f3lica, con sus ricas tradiciones y textos sagrados, ofrece una perspectiva \u00fanica sobre c\u00f3mo fue creado el universo. Este art\u00edculo explora las ense\u00f1anzas de la fe cat\u00f3lica respecto a la creaci\u00f3n del cosmos, sumergi\u00e9ndonos en un viaje que entrelaza fe, filosof\u00eda y misterio. Descubre c\u00f3mo los antiguos escritos y las interpretaciones modernas proporcionan luz sobre uno de los mayores enigmas de la humanidad: el origen del universo seg\u00fan la visi\u00f3n cat\u00f3lica.<\/p>\n\n\n\n<h2 class=\"wp-block-heading\">La Creaci\u00f3n del Universo: Perspectiva Cat\u00f3lica<\/h2>\n\n\n\n<p>Desde una perspectiva cat\u00f3lica, la creaci\u00f3n del universo es un acto de amor divino, narrado con profundidad y belleza en G\u00e9nesis, el primer libro de la Biblia. Esta narrativa no solo establece las bases de la existencia del cosmos, sino que tambi\u00e9n expone el papel del hombre dentro de la creaci\u00f3n. Seg\u00fan la doctrina cat\u00f3lica, Dios, en su omnipotencia y sabidur\u00eda, cre\u00f3 el universo de la nada (ex nihilo) en un acto de voluntad libre y amorosa, marcando el inicio de todo lo que existe.<\/p>\n\n\n\n<p>La secuencia de la creaci\u00f3n se detalla en un marco de siete d\u00edas, donde cada jornada trae consigo nuevos elementos y seres vivos, culminando con la creaci\u00f3n del hombre a imagen y semejanza de Dios. Este relato simb\u00f3lico subraya la intenci\u00f3n divina de establecer un orden y prop\u00f3sito en el cosmos. Cada elemento creado, desde la luz hasta las estrellas, flora, fauna, y finalmente el hombre, es considerado bueno a los ojos de Dios. Este bien intr\u00ednseco refleja la bondad misma de Dios y su deseo de que la creaci\u00f3n participe de su amor y belleza.<\/p>\n\n\n\n<p>Adicionalmente, la doctrina cat\u00f3lica recalca la responsabilidad del ser humano sobre la creaci\u00f3n. A trav\u00e9s de su trabajo y cuidado del mundo, el hombre debe reflejar la gloria de Dios, preservando la armon\u00eda del jard\u00edn del Ed\u00e9n. Esta ense\u00f1anza subraya una relaci\u00f3n de custodia y respeto por el medio ambiente, vista como una creaci\u00f3n de Dios confiada a la humanidad, y no como un mero recurso a explotar. En resumen, la creaci\u00f3n del universo, seg\u00fan la religi\u00f3n cat\u00f3lica, es un acto de comunicaci\u00f3n amorosa de Dios hacia sus criaturas, invit\u00e1ndolas a participar de su divinidad y a cuidar el don precioso de la creaci\u00f3n.<\/p>\n\n\n\n<h2 class=\"wp-block-heading\">Or\u00edgenes b\u00edblicos del universo<\/h2>\n\n\n\n<p>El relato m\u00e1s prominente sobre la creaci\u00f3n del universo dentro del cristianismo, y particularmente en la doctrina cat\u00f3lica, proviene del libro de G\u00e9nesis, el primer libro de la Biblia. Seg\u00fan este, el universo fue creado por Dios en seis d\u00edas, un acto que revela su omnipotencia y sabidur\u00eda. El primer vers\u00edculo, &#8220;En el principio cre\u00f3 Dios los cielos y la tierra&#8221;, introduce una narrativa donde el cosmos, la luz, las aguas, los animales, y finalmente el hombre, fueron creados de la nada, ex nihilo, estableciendo as\u00ed un principio fundamental de la cosmolog\u00eda religiosa: la preexistencia y omnipotencia divina.<\/p>\n\n\n\n<p>Durante estos d\u00edas de creaci\u00f3n, se narra c\u00f3mo Dios dio forma al caos primigenio, separando la luz de las tinieblas, las aguas de las aguas y fundando los elementos b\u00e1sicos de la vida. Este proceso culmina con la creaci\u00f3n del hombre a imagen y semejanza de Dios, asign\u00e1ndole un papel \u00fanico en la creaci\u00f3n. El s\u00e9ptimo d\u00eda es de descanso, santificado por Dios como un modelo para la humanidad. Esta secuencia demuestra la intenci\u00f3n y el cuidado de Dios por su creaci\u00f3n, subrayando la dependencia total del universo respecto a su creador.<\/p>\n\n\n\n<p>La interpretaci\u00f3n de estos textos ha variado a lo largo de los siglos, desde una lectura literal hasta una m\u00e1s simb\u00f3lica o aleg\u00f3rica, especialmente en tiempos modernos, donde la ciencia ha ofrecido diferentes perspectivas sobre el origen del cosmos. Sin embargo, para la fe cat\u00f3lica, m\u00e1s all\u00e1 de los detalles espec\u00edficos sobre c\u00f3mo y cu\u00e1ndo fue creado el universo, lo indispensable es el reconocimiento de un orden creado con prop\u00f3sito y amor por Dios, quien mantiene una relaci\u00f3n \u00edntima con toda su creaci\u00f3n. Esto incluye una llamada a la humanidad para actuar como custodios de la creaci\u00f3n, respetando las leyes naturales y la dignidad de todos los seres.<\/p>\n\n\n\n<h2 class=\"wp-block-heading\">La visi\u00f3n de la creaci\u00f3n en G\u00e9nesis<\/h2>\n\n\n\n<p>El libro de G\u00e9nesis, el primero de la&nbsp;<strong>Biblia<\/strong>, contiene la narrativa sobre la creaci\u00f3n del universo y todo lo que habita en \u00e9l, seg\u00fan la tradici\u00f3n judeocristiana. Esta narrativa, profundamente simb\u00f3lica, comienza con un acto divino por parte de Dios, quien da forma al cosmos y a la vida en seis d\u00edas, culminando con el descanso el s\u00e9ptimo d\u00eda, estableciendo as\u00ed el Sabbath. La descripci\u00f3n comienza con un universo ca\u00f3tico y sin forma, el cual es transformado progresivamente en un cosmos ordenado y habitado.<\/p>\n\n\n\n<p>En el primer d\u00eda,&nbsp;<strong>Dios dijo<\/strong>&nbsp;&#8220;Haya luz&#8221;, y la luz fue creada, separ\u00e1ndola de la oscuridad. Esta acci\u00f3n simboliza no solo la creaci\u00f3n de la luz f\u00edsica, sino tambi\u00e9n la introducci\u00f3n de la claridad espiritual y moral en el universo. En los d\u00edas subsiguientes, Dios procede a crear el cielo, las aguas, la tierra, las plantas, los astros, los animales, y finalmente, al ser humano a su propia imagen y semejanza, otorg\u00e1ndoles dominio sobre el resto de las criaturas. Este acto enfatiza la dignidad \u00fanica de la persona humana y su llamado a cuidar de la creaci\u00f3n.<\/p>\n\n\n\n<p>La narrativa de G\u00e9nesis, lejos de ser un&nbsp;<strong>texto cient\u00edfico<\/strong>, es una profunda reflexi\u00f3n sobre el origen y prop\u00f3sito del universo, la vida y especialmente el ser humano. Ofrece ense\u00f1anzas fundamentales sobre la bondad intr\u00ednseca de la creaci\u00f3n, el valor de la vida y la responsabilidad humana de preservarla. Adem\u00e1s, establece un marco de referencia sobre la relaci\u00f3n del hombre con Dios, la naturaleza, y sus semejantes.<\/p>\n\n\n\n<h2 class=\"wp-block-heading\">Interpretaciones teol\u00f3gicas cat\u00f3licas<\/h2>\n\n\n\n<p>La doctrina cat\u00f3lica sobre la creaci\u00f3n del universo est\u00e1 profundamente arraigada en una interpretaci\u00f3n teol\u00f3gica que busca armonizar los textos sagrados y el conocimiento cient\u00edfico. Seg\u00fan la doctrina cat\u00f3lica, Dios es el creador supremo de todo lo existente, tanto del mundo f\u00edsico como del espiritual. Esta perspectiva se basa en las Escrituras, concretamente en el libro de G\u00e9nesis, donde se narra c\u00f3mo Dios cre\u00f3 el mundo en seis d\u00edas y descans\u00f3 el s\u00e9ptimo. Sin embargo, la Iglesia Cat\u00f3lica no interpreta estos &#8220;d\u00edas&#8221; de manera literal, sino como etapas en el gran dise\u00f1o de la creaci\u00f3n. Desde el punto de vista teol\u00f3gico, los cat\u00f3licos entienden que la ciencia y la fe no est\u00e1n en conflicto. El Concilio Vaticano II, a trav\u00e9s de la constituci\u00f3n pastoral Gaudium et spes, promueve una visi\u00f3n en la cual la ciencia ofrece explicaciones sobre el funcionamiento del universo, mientras que la fe responde al porqu\u00e9 de la existencia y al prop\u00f3sito \u00faltimo de la creaci\u00f3n. Esto muestra una apertura hacia la integraci\u00f3n de los hallazgos cient\u00edficos dentro del marco de la fe cat\u00f3lica, siempre y cuando estos hallazgos sean respetuosos con los principios \u00e9ticos y morales cristianos. En esa armon\u00eda entre ciencia y fe, la Iglesia contempla la evoluci\u00f3n como parte del plan de Dios, donde la creaci\u00f3n es vista como un proceso din\u00e1mico en constante desarrollo. La intervenci\u00f3n divina no se limita a un acto \u00fanico en el inicio de los tiempos, sino que Dios contin\u00faa actuando en y a trav\u00e9s de las leyes naturales. Esta comprensi\u00f3n eleva la relaci\u00f3n entre el Creador y la creaci\u00f3n, presentando un universo imbuido de prop\u00f3sito y orientado hacia un fin \u00faltimo, que culminar\u00e1 en la plenitud de la creaci\u00f3n con Dios.<\/p>\n","protected":false},"excerpt":{"rendered":"<p>Desde tiempos inmemoriales, la humanidad ha buscado respuestas sobre el origen del cosmos. La religi\u00f3n cat\u00f3lica, con sus ricas tradiciones y textos sagrados, ofrece una perspectiva \u00fanica sobre c\u00f3mo fue creado el universo. Este art\u00edculo explora las ense\u00f1anzas de la fe cat\u00f3lica respecto a la creaci\u00f3n del cosmos, sumergi\u00e9ndonos en un viaje que entrelaza fe, [&hellip;]<\/p>\n","protected":false},"author":1,"featured_media":122,"comment_status":"open","ping_status":"open","sticky":false,"template":"","format":"standard","meta":{"footnotes":""},"categories":[6],"tags":[],"class_list":["post-121","post","type-post","status-publish","format-standard","has-post-thumbnail","hentry","category-noticias"],"yoast_head":"<!-- This site is optimized with the Yoast SEO plugin v27.5 - https:\/\/yoast.com\/product\/yoast-seo-wordpress\/ -->\n<title>Creaci\u00f3n del Universo: Perspectiva Cat\u00f3lica<\/title>\n<meta name=\"description\" content=\"Explora c\u00f3mo la religi\u00f3n cat\u00f3lica interpreta la creaci\u00f3n del universo, desde el caos primordial hasta la armon\u00eda divina.\" \/>\n<meta name=\"robots\" content=\"index, follow, max-snippet:-1, max-image-preview:large, max-video-preview:-1\" \/>\n<link rel=\"canonical\" href=\"https:\/\/fiacifca.org\/?p=121\" \/>\n<meta property=\"og:locale\" content=\"en_US\" \/>\n<meta property=\"og:type\" content=\"article\" \/>\n<meta property=\"og:title\" content=\"Creaci\u00f3n del Universo: Perspectiva Cat\u00f3lica\" \/>\n<meta property=\"og:description\" content=\"Explora c\u00f3mo la religi\u00f3n cat\u00f3lica interpreta la creaci\u00f3n del universo, desde el caos primordial hasta la armon\u00eda divina.\" \/>\n<meta property=\"og:url\" content=\"https:\/\/fiacifca.org\/?p=121\" \/>\n<meta property=\"og:site_name\" content=\"FIACIFCA: Foro Internacional de Acci\u00f3n Cat\u00f3lica para la Renovaci\u00f3n Misionera\" \/>\n<meta property=\"article:published_time\" content=\"2024-06-20T11:24:00+00:00\" \/>\n<meta property=\"og:image\" content=\"https:\/\/fiacifca.org\/wp-content\/uploads\/2024\/06\/pht-80.png\" \/>\n\t<meta property=\"og:image:width\" content=\"1200\" \/>\n\t<meta property=\"og:image:height\" content=\"800\" \/>\n\t<meta property=\"og:image:type\" content=\"image\/png\" \/>\n<meta name=\"author\" content=\"coy19\" \/>\n<meta name=\"twitter:card\" content=\"summary_large_image\" \/>\n<meta name=\"twitter:label1\" content=\"Written by\" \/>\n\t<meta name=\"twitter:data1\" content=\"coy19\" \/>\n\t<meta name=\"twitter:label2\" content=\"Est. reading time\" \/>\n\t<meta name=\"twitter:data2\" content=\"6 minutes\" \/>\n<script type=\"application\/ld+json\" class=\"yoast-schema-graph\">{\"@context\":\"https:\\\/\\\/schema.org\",\"@graph\":[{\"@type\":\"Article\",\"@id\":\"https:\\\/\\\/fiacifca.org\\\/?p=121#article\",\"isPartOf\":{\"@id\":\"https:\\\/\\\/fiacifca.org\\\/?p=121\"},\"author\":{\"name\":\"coy19\",\"@id\":\"https:\\\/\\\/fiacifca.org\\\/#\\\/schema\\\/person\\\/5ac00ca3a4995a093c51cc65e65804ee\"},\"headline\":\"C\u00f3mo Se Cre\u00f3 el Universo Seg\u00fan la Religi\u00f3n Cat\u00f3lica\",\"datePublished\":\"2024-06-20T11:24:00+00:00\",\"mainEntityOfPage\":{\"@id\":\"https:\\\/\\\/fiacifca.org\\\/?p=121\"},\"wordCount\":1394,\"commentCount\":0,\"image\":{\"@id\":\"https:\\\/\\\/fiacifca.org\\\/?p=121#primaryimage\"},\"thumbnailUrl\":\"https:\\\/\\\/fiacifca.org\\\/wp-content\\\/uploads\\\/2024\\\/06\\\/pht-80.png\",\"articleSection\":[\"NOTICIAS\"],\"inLanguage\":\"en-US\",\"potentialAction\":[{\"@type\":\"CommentAction\",\"name\":\"Comment\",\"target\":[\"https:\\\/\\\/fiacifca.org\\\/?p=121#respond\"]}]},{\"@type\":\"WebPage\",\"@id\":\"https:\\\/\\\/fiacifca.org\\\/?p=121\",\"url\":\"https:\\\/\\\/fiacifca.org\\\/?p=121\",\"name\":\"Creaci\u00f3n del Universo: Perspectiva Cat\u00f3lica\",\"isPartOf\":{\"@id\":\"https:\\\/\\\/fiacifca.org\\\/#website\"},\"primaryImageOfPage\":{\"@id\":\"https:\\\/\\\/fiacifca.org\\\/?p=121#primaryimage\"},\"image\":{\"@id\":\"https:\\\/\\\/fiacifca.org\\\/?p=121#primaryimage\"},\"thumbnailUrl\":\"https:\\\/\\\/fiacifca.org\\\/wp-content\\\/uploads\\\/2024\\\/06\\\/pht-80.png\",\"datePublished\":\"2024-06-20T11:24:00+00:00\",\"author\":{\"@id\":\"https:\\\/\\\/fiacifca.org\\\/#\\\/schema\\\/person\\\/5ac00ca3a4995a093c51cc65e65804ee\"},\"description\":\"Explora c\u00f3mo la religi\u00f3n cat\u00f3lica interpreta la creaci\u00f3n del universo, desde el caos primordial hasta la armon\u00eda divina.\",\"breadcrumb\":{\"@id\":\"https:\\\/\\\/fiacifca.org\\\/?p=121#breadcrumb\"},\"inLanguage\":\"en-US\",\"potentialAction\":[{\"@type\":\"ReadAction\",\"target\":[\"https:\\\/\\\/fiacifca.org\\\/?p=121\"]}]},{\"@type\":\"ImageObject\",\"inLanguage\":\"en-US\",\"@id\":\"https:\\\/\\\/fiacifca.org\\\/?p=121#primaryimage\",\"url\":\"https:\\\/\\\/fiacifca.org\\\/wp-content\\\/uploads\\\/2024\\\/06\\\/pht-80.png\",\"contentUrl\":\"https:\\\/\\\/fiacifca.org\\\/wp-content\\\/uploads\\\/2024\\\/06\\\/pht-80.png\",\"width\":1200,\"height\":800},{\"@type\":\"BreadcrumbList\",\"@id\":\"https:\\\/\\\/fiacifca.org\\\/?p=121#breadcrumb\",\"itemListElement\":[{\"@type\":\"ListItem\",\"position\":1,\"name\":\"Home\",\"item\":\"https:\\\/\\\/fiacifca.org\\\/\"},{\"@type\":\"ListItem\",\"position\":2,\"name\":\"C\u00f3mo Se Cre\u00f3 el Universo Seg\u00fan la Religi\u00f3n Cat\u00f3lica\"}]},{\"@type\":\"WebSite\",\"@id\":\"https:\\\/\\\/fiacifca.org\\\/#website\",\"url\":\"https:\\\/\\\/fiacifca.org\\\/\",\"name\":\"FIACIFCA: Foro Internacional de Acci\u00f3n Cat\u00f3lica para la Renovaci\u00f3n Misionera\",\"description\":\"Uniendo a los Creyentes en el Servicio y la Oraci\u00f3n, Inspirando y Coordinando la Acci\u00f3n Cat\u00f3lica en el Mundo\",\"potentialAction\":[{\"@type\":\"SearchAction\",\"target\":{\"@type\":\"EntryPoint\",\"urlTemplate\":\"https:\\\/\\\/fiacifca.org\\\/?s={search_term_string}\"},\"query-input\":{\"@type\":\"PropertyValueSpecification\",\"valueRequired\":true,\"valueName\":\"search_term_string\"}}],\"inLanguage\":\"en-US\"},{\"@type\":\"Person\",\"@id\":\"https:\\\/\\\/fiacifca.org\\\/#\\\/schema\\\/person\\\/5ac00ca3a4995a093c51cc65e65804ee\",\"name\":\"coy19\",\"image\":{\"@type\":\"ImageObject\",\"inLanguage\":\"en-US\",\"@id\":\"https:\\\/\\\/secure.gravatar.com\\\/avatar\\\/77980fb0f07aabf88ee0ebb87fd7a7af98fb4660e0393f1030384803b079534e?s=96&d=mm&r=g\",\"url\":\"https:\\\/\\\/secure.gravatar.com\\\/avatar\\\/77980fb0f07aabf88ee0ebb87fd7a7af98fb4660e0393f1030384803b079534e?s=96&d=mm&r=g\",\"contentUrl\":\"https:\\\/\\\/secure.gravatar.com\\\/avatar\\\/77980fb0f07aabf88ee0ebb87fd7a7af98fb4660e0393f1030384803b079534e?s=96&d=mm&r=g\",\"caption\":\"coy19\"},\"sameAs\":[\"https:\\\/\\\/fiacifca.org\"],\"url\":\"https:\\\/\\\/fiacifca.org\\\/?author=1\"}]}<\/script>\n<!-- \/ Yoast SEO plugin. -->","yoast_head_json":{"title":"Creaci\u00f3n del Universo: Perspectiva Cat\u00f3lica","description":"Explora c\u00f3mo la religi\u00f3n cat\u00f3lica interpreta la creaci\u00f3n del universo, desde el caos primordial hasta la armon\u00eda divina.","robots":{"index":"index","follow":"follow","max-snippet":"max-snippet:-1","max-image-preview":"max-image-preview:large","max-video-preview":"max-video-preview:-1"},"canonical":"https:\/\/fiacifca.org\/?p=121","og_locale":"en_US","og_type":"article","og_title":"Creaci\u00f3n del Universo: Perspectiva Cat\u00f3lica","og_description":"Explora c\u00f3mo la religi\u00f3n cat\u00f3lica interpreta la creaci\u00f3n del universo, desde el caos primordial hasta la armon\u00eda divina.","og_url":"https:\/\/fiacifca.org\/?p=121","og_site_name":"FIACIFCA: Foro Internacional de Acci\u00f3n Cat\u00f3lica para la Renovaci\u00f3n Misionera","article_published_time":"2024-06-20T11:24:00+00:00","og_image":[{"width":1200,"height":800,"url":"https:\/\/fiacifca.org\/wp-content\/uploads\/2024\/06\/pht-80.png","type":"image\/png"}],"author":"coy19","twitter_card":"summary_large_image","twitter_misc":{"Written by":"coy19","Est. reading time":"6 minutes"},"schema":{"@context":"https:\/\/schema.org","@graph":[{"@type":"Article","@id":"https:\/\/fiacifca.org\/?p=121#article","isPartOf":{"@id":"https:\/\/fiacifca.org\/?p=121"},"author":{"name":"coy19","@id":"https:\/\/fiacifca.org\/#\/schema\/person\/5ac00ca3a4995a093c51cc65e65804ee"},"headline":"C\u00f3mo Se Cre\u00f3 el Universo Seg\u00fan la Religi\u00f3n Cat\u00f3lica","datePublished":"2024-06-20T11:24:00+00:00","mainEntityOfPage":{"@id":"https:\/\/fiacifca.org\/?p=121"},"wordCount":1394,"commentCount":0,"image":{"@id":"https:\/\/fiacifca.org\/?p=121#primaryimage"},"thumbnailUrl":"https:\/\/fiacifca.org\/wp-content\/uploads\/2024\/06\/pht-80.png","articleSection":["NOTICIAS"],"inLanguage":"en-US","potentialAction":[{"@type":"CommentAction","name":"Comment","target":["https:\/\/fiacifca.org\/?p=121#respond"]}]},{"@type":"WebPage","@id":"https:\/\/fiacifca.org\/?p=121","url":"https:\/\/fiacifca.org\/?p=121","name":"Creaci\u00f3n del Universo: Perspectiva Cat\u00f3lica","isPartOf":{"@id":"https:\/\/fiacifca.org\/#website"},"primaryImageOfPage":{"@id":"https:\/\/fiacifca.org\/?p=121#primaryimage"},"image":{"@id":"https:\/\/fiacifca.org\/?p=121#primaryimage"},"thumbnailUrl":"https:\/\/fiacifca.org\/wp-content\/uploads\/2024\/06\/pht-80.png","datePublished":"2024-06-20T11:24:00+00:00","author":{"@id":"https:\/\/fiacifca.org\/#\/schema\/person\/5ac00ca3a4995a093c51cc65e65804ee"},"description":"Explora c\u00f3mo la religi\u00f3n cat\u00f3lica interpreta la creaci\u00f3n del universo, desde el caos primordial hasta la armon\u00eda divina.","breadcrumb":{"@id":"https:\/\/fiacifca.org\/?p=121#breadcrumb"},"inLanguage":"en-US","potentialAction":[{"@type":"ReadAction","target":["https:\/\/fiacifca.org\/?p=121"]}]},{"@type":"ImageObject","inLanguage":"en-US","@id":"https:\/\/fiacifca.org\/?p=121#primaryimage","url":"https:\/\/fiacifca.org\/wp-content\/uploads\/2024\/06\/pht-80.png","contentUrl":"https:\/\/fiacifca.org\/wp-content\/uploads\/2024\/06\/pht-80.png","width":1200,"height":800},{"@type":"BreadcrumbList","@id":"https:\/\/fiacifca.org\/?p=121#breadcrumb","itemListElement":[{"@type":"ListItem","position":1,"name":"Home","item":"https:\/\/fiacifca.org\/"},{"@type":"ListItem","position":2,"name":"C\u00f3mo Se Cre\u00f3 el Universo Seg\u00fan la Religi\u00f3n Cat\u00f3lica"}]},{"@type":"WebSite","@id":"https:\/\/fiacifca.org\/#website","url":"https:\/\/fiacifca.org\/","name":"FIACIFCA: Foro Internacional de Acci\u00f3n Cat\u00f3lica para la Renovaci\u00f3n Misionera","description":"Uniendo a los Creyentes en el Servicio y la Oraci\u00f3n, Inspirando y Coordinando la Acci\u00f3n Cat\u00f3lica en el Mundo","potentialAction":[{"@type":"SearchAction","target":{"@type":"EntryPoint","urlTemplate":"https:\/\/fiacifca.org\/?s={search_term_string}"},"query-input":{"@type":"PropertyValueSpecification","valueRequired":true,"valueName":"search_term_string"}}],"inLanguage":"en-US"},{"@type":"Person","@id":"https:\/\/fiacifca.org\/#\/schema\/person\/5ac00ca3a4995a093c51cc65e65804ee","name":"coy19","image":{"@type":"ImageObject","inLanguage":"en-US","@id":"https:\/\/secure.gravatar.com\/avatar\/77980fb0f07aabf88ee0ebb87fd7a7af98fb4660e0393f1030384803b079534e?s=96&d=mm&r=g","url":"https:\/\/secure.gravatar.com\/avatar\/77980fb0f07aabf88ee0ebb87fd7a7af98fb4660e0393f1030384803b079534e?s=96&d=mm&r=g","contentUrl":"https:\/\/secure.gravatar.com\/avatar\/77980fb0f07aabf88ee0ebb87fd7a7af98fb4660e0393f1030384803b079534e?s=96&d=mm&r=g","caption":"coy19"},"sameAs":["https:\/\/fiacifca.org"],"url":"https:\/\/fiacifca.org\/?author=1"}]}},"_links":{"self":[{"href":"https:\/\/fiacifca.org\/index.php?rest_route=\/wp\/v2\/posts\/121","targetHints":{"allow":["GET"]}}],"collection":[{"href":"https:\/\/fiacifca.org\/index.php?rest_route=\/wp\/v2\/posts"}],"about":[{"href":"https:\/\/fiacifca.org\/index.php?rest_route=\/wp\/v2\/types\/post"}],"author":[{"embeddable":true,"href":"https:\/\/fiacifca.org\/index.php?rest_route=\/wp\/v2\/users\/1"}],"replies":[{"embeddable":true,"href":"https:\/\/fiacifca.org\/index.php?rest_route=%2Fwp%2Fv2%2Fcomments&post=121"}],"version-history":[{"count":1,"href":"https:\/\/fiacifca.org\/index.php?rest_route=\/wp\/v2\/posts\/121\/revisions"}],"predecessor-version":[{"id":123,"href":"https:\/\/fiacifca.org\/index.php?rest_route=\/wp\/v2\/posts\/121\/revisions\/123"}],"wp:featuredmedia":[{"embeddable":true,"href":"https:\/\/fiacifca.org\/index.php?rest_route=\/wp\/v2\/media\/122"}],"wp:attachment":[{"href":"https:\/\/fiacifca.org\/index.php?rest_route=%2Fwp%2Fv2%2Fmedia&parent=121"}],"wp:term":[{"taxonomy":"category","embeddable":true,"href":"https:\/\/fiacifca.org\/index.php?rest_route=%2Fwp%2Fv2%2Fcategories&post=121"},{"taxonomy":"post_tag","embeddable":true,"href":"https:\/\/fiacifca.org\/index.php?rest_route=%2Fwp%2Fv2%2Ftags&post=121"}],"curies":[{"name":"wp","href":"https:\/\/api.w.org\/{rel}","templated":true}]}}