{"id":108,"date":"2024-06-08T10:06:24","date_gmt":"2024-06-08T10:06:24","guid":{"rendered":"https:\/\/fiacifca.org\/?p=108"},"modified":"2024-06-04T10:08:30","modified_gmt":"2024-06-04T10:08:30","slug":"que-es-el-adviento-en-la-iglesia-catolica","status":"publish","type":"post","link":"https:\/\/fiacifca.org\/?p=108","title":{"rendered":"Qu\u00e9 Es el Adviento en la Iglesia Cat\u00f3lica"},"content":{"rendered":"\n<p>El Adviento es una \u00e9poca del a\u00f1o que despierta un profundo sentido de anticipaci\u00f3n y preparaci\u00f3n entre los fieles de la Iglesia Cat\u00f3lica. Pero, \u00bfqu\u00e9 significa realmente esta temporada para los creyentes y c\u00f3mo influye en su espiritualidad y vida diaria? Acomp\u00e1\u00f1anos en un viaje a trav\u00e9s de sus or\u00edgenes, s\u00edmbolos y pr\u00e1cticas, donde descubriremos c\u00f3mo el Adviento no es solo un tiempo de espera, sino una invitaci\u00f3n a la reflexi\u00f3n y renovaci\u00f3n personal. Sum\u00e9rgete en la profundidad de esta tradici\u00f3n que prepara el coraz\u00f3n de millones para la llegada de la Navidad.<\/p>\n\n\n\n<h2 class=\"wp-block-heading\">Significado del Adviento en la Iglesia Cat\u00f3lica<\/h2>\n\n\n\n<p>El Adviento es una \u00e9poca de espera y preparaci\u00f3n espiritual en la que los fieles se preparan para celebrar el nacimiento de Jesucristo en Navidad. Esta temporada lit\u00fargica est\u00e1 marcada por la expectativa, la conversi\u00f3n y la esperanza. Origen de la palabra &#8220;adviento&#8221; viene del lat\u00edn&nbsp;<em>adventus<\/em>, que significa &#8216;venida&#8217; o &#8216;llegada&#8217;. Durante este tiempo, la Iglesia invita a sus fieles a reflexionar sobre la primera venida de Jes\u00fas en Bel\u00e9n y a anticipar su segunda venida al final de los tiempos.<\/p>\n\n\n\n<p>La celebraci\u00f3n del Adviento comienza cuatro domingos antes de Navidad y sirve como un momento de reflexi\u00f3n y renovaci\u00f3n espiritual. Durante este per\u00edodo, se utiliza un especial s\u00edmbolo lit\u00fargico, la corona de Adviento, constituida por ramas verdes y cuatro velas. Cada vela se enciende sucesivamente en los cuatro domingos de Adviento durante la misa, simbolizando la luz de Cristo que se acerca al mundo. La progresi\u00f3n de la luz sirve como un recordatorio de la aproximaci\u00f3n de la luz de Cristo que disipa la oscuridad del pecado.<\/p>\n\n\n\n<p>Las lecturas b\u00edblicas y las oraciones durante el Adviento est\u00e1n enfocadas en la preparaci\u00f3n espiritual para la llegada del Mes\u00edas. Se enfatiza la necesidad de una conversi\u00f3n personal y comunitaria, as\u00ed como la importancia de vivir en estado de vigilancia y oraci\u00f3n. La Iglesia tambi\u00e9n promueve la realizaci\u00f3n de obras de caridad y servicio como manifestaci\u00f3n del amor cristiano en preparaci\u00f3n para recibir a Jes\u00fas. Es un tiempo propicio para fortalecer la fe, esperar con gozo y vivir de manera m\u00e1s plena el evangelio.<\/p>\n\n\n\n<h2 class=\"wp-block-heading\">Historia del Adviento<\/h2>\n\n\n\n<p>El&nbsp;<strong>Adviento<\/strong>&nbsp;es un per\u00edodo de preparaci\u00f3n y expectaci\u00f3n que precede la Navidad dentro de la Iglesia Cat\u00f3lica. Este tiempo lit\u00fargico tiene sus ra\u00edces en el siglo IV, aunque su forma actual fue tomando cuerpo paulatinamente. Inicialmente, la duraci\u00f3n y las pr\u00e1cticas asociadas variaban significativamente entre diferentes regiones del mundo cristiano. No obstante, hacia el siglo VI, el Papa Gregorio Magno fue quien estableci\u00f3 la duraci\u00f3n del Adviento en cuatro semanas, simbolizando los cuatro mil a\u00f1os de espera entre la ca\u00edda de Ad\u00e1n y Eva y el nacimiento de Jesucristo, de acuerdo a la interpretaci\u00f3n de las Sagradas Escrituras de aquel tiempo.<\/p>\n\n\n\n<p>La palabra&nbsp;<em>adviento<\/em>&nbsp;proviene del lat\u00edn&nbsp;<em>adventus<\/em>, que significa &#8216;venida&#8217; o &#8216;llegada&#8217;. Este tiempo lit\u00fargico est\u00e1 dedicado, por tanto, a la preparaci\u00f3n espiritual para celebrar el nacimiento de Jesucristo y, al mismo tiempo, a la espera vigilante y expectante de su segunda venida. Las pr\u00e1cticas y las expresiones de fe durante el Adviento tienen como objetivo purificar los corazones de los fieles y renovar su esperanza cristiana.<\/p>\n\n\n\n<p>A lo largo de los siglos, la Iglesia ha ido enriqueciendo las formas de vivir el Adviento. Las tradiciones, como el uso de la corona de Adviento, con sus cuatro velas que representan cada una de las semanas de preparaci\u00f3n, o la lectura de ciertos pasajes b\u00edblicos que anuncian la venida del Mes\u00edas, son reflejo de esa profundizaci\u00f3n y enriquecimiento espiritual. As\u00ed, el Adviento se ofrece a los fieles como un tiempo de reflexi\u00f3n y conversi\u00f3n, invit\u00e1ndolos a recibir con alegr\u00eda y esperanza el gran regalo de la Navidad: el nacimiento del Salvador del mundo.<\/p>\n\n\n\n<h2 class=\"wp-block-heading\">Significado espiritual del Adviento<\/h2>\n\n\n\n<p>El Adviento es un per\u00edodo de preparaci\u00f3n y esperanza que antecede a la Navidad, durante el cual los fieles cristianos se disponen para la llegada (venida) de Jesucristo. No s\u00f3lo conmemora el nacimiento de Jes\u00fas en Bel\u00e9n, sino que tambi\u00e9n anticipa su segunda venida como juez al final de los tiempos. Este tiempo lit\u00fargico invita a los creyentes a reflexionar sobre el amor, la paz y la redenci\u00f3n, enfoc\u00e1ndose en la conversi\u00f3n del coraz\u00f3n y la renovaci\u00f3n espiritual. Desde una perspectiva espiritual, el Adviento se estructura en cuatro semanas, cada una simbolizando virtudes cristianas fundamentales que Jes\u00fas ense\u00f1\u00f3 con su vida y su mensaje. Estas son la esperanza, la paz, el amor y la alegr\u00eda. Este per\u00edodo invita a los fieles a dedicar un tiempo para la oraci\u00f3n y la meditaci\u00f3n, fomentando un ambiente de introspecci\u00f3n y crecimiento interior.<\/p>\n\n\n\n<figure class=\"wp-block-table\"><table><tbody><tr><th>Semana<\/th><th>Virtud<\/th><th>Enfoque Espiritual<\/th><\/tr><tr><td>Primera<\/td><td>Esperanza<\/td><td>Reflexi\u00f3n sobre la promesa divina y la espera activa de la redenci\u00f3n.<\/td><\/tr><tr><td>Segunda<\/td><td>Paz<\/td><td>Concentraci\u00f3n en la disposici\u00f3n para recibir la paz que ofrece Cristo.<\/td><\/tr><tr><td>Tercera<\/td><td>Amor<\/td><td>Comprensi\u00f3n y vivencia del amor incondicional de Dios.<\/td><\/tr><tr><td>Cuarta<\/td><td>Alegr\u00eda<\/td><td>Alegr\u00eda profunda por la inminente llegada de Jes\u00fas y la salvaci\u00f3n.<\/td><\/tr><\/tbody><\/table><\/figure>\n\n\n\n<p>En resumen, el Adviento es un tiempo de profunda reflexi\u00f3n y renovaci\u00f3n interior que prepara el coraz\u00f3n de los fieles para recibir con alegr\u00eda y gratitud el regalo supremo de Dios: la encarnaci\u00f3n de su hijo. Es un momento para renovar la fe, esperar con gozo, amar de forma generosa y vivir en paz, siguiendo los pasos de Jesucristo.<\/p>\n\n\n\n<h2 class=\"wp-block-heading\">Tradiciones del Adviento en la iglesia<\/h2>\n\n\n\n<p>El Adviento, que proviene del lat\u00edn adventus, significando llegada, marca el inicio del a\u00f1o lit\u00fargico cristiano y es un per\u00edodo de preparaci\u00f3n espiritual para la celebraci\u00f3n del nacimiento de Jesucristo en Navidad. Esta \u00e9poca se caracteriza por una serie de tradiciones profundamente arraigadas en la comunidad cat\u00f3lica, las cuales son tanto reflexivas como conmemorativas. Una de las pr\u00e1cticas m\u00e1s distintivas del Adviento es la Corona de Adviento, compuesta por cuatro velas colocadas en un c\u00edrculo de ramas verdes. Cada vela representa uno de los domingos del Adviento y se enciende sucesivamente en ceremonias que preparan los corazones de los fieles para la llegada del Se\u00f1or. La luz progresiva simboliza la esperanza y la expectativa crecientes a medida que se acerca la noche de Navidad. Adem\u00e1s, el calendario de Adviento es otra tradici\u00f3n querida, especialmente entre los m\u00e1s j\u00f3venes. A trav\u00e9s de sus ventanas o puertas diarias, que se abren cada d\u00eda de diciembre hasta la Nochebuena, el calendario despliega peque\u00f1as sorpresas que pueden ir desde oraciones y reflexiones hasta chocolates, sirviendo como un recordatorio diario de la proximidad de la celebraci\u00f3n del nacimiento de Jes\u00fas. Estas pr\u00e1cticas, junto con las lecturas lit\u00fargicas especiales para el per\u00edodo, las misas adicionales y los actos de caridad, fomentan una atm\u00f3sfera de preparaci\u00f3n espiritual, reflexi\u00f3n y alegr\u00eda dentro de la comunidad eclesial, reforzando el verdadero significado del Adviento como un tiempo de espera y esperanza.<\/p>\n","protected":false},"excerpt":{"rendered":"<p>El Adviento es una \u00e9poca del a\u00f1o que despierta un profundo sentido de anticipaci\u00f3n y preparaci\u00f3n entre los fieles de la Iglesia Cat\u00f3lica. Pero, \u00bfqu\u00e9 significa realmente esta temporada para los creyentes y c\u00f3mo influye en su espiritualidad y vida diaria? Acomp\u00e1\u00f1anos en un viaje a trav\u00e9s de sus or\u00edgenes, s\u00edmbolos y pr\u00e1cticas, donde descubriremos [&hellip;]<\/p>\n","protected":false},"author":1,"featured_media":109,"comment_status":"open","ping_status":"open","sticky":false,"template":"","format":"standard","meta":{"footnotes":""},"categories":[6],"tags":[],"class_list":["post-108","post","type-post","status-publish","format-standard","has-post-thumbnail","hentry","category-noticias"],"yoast_head":"<!-- This site is optimized with the Yoast SEO plugin v27.5 - https:\/\/yoast.com\/product\/yoast-seo-wordpress\/ -->\n<title>\u00bfQu\u00e9 es el Adviento? Exploraci\u00f3n Cat\u00f3lica<\/title>\n<meta name=\"description\" content=\"Sum\u00e9rgete en el Adviento, una \u00e9poca de preparaci\u00f3n y reflexi\u00f3n en la Iglesia Cat\u00f3lica. Descubre su significado, tradiciones y c\u00f3mo vivirlo.\" \/>\n<meta name=\"robots\" content=\"index, follow, max-snippet:-1, max-image-preview:large, max-video-preview:-1\" \/>\n<link rel=\"canonical\" href=\"https:\/\/fiacifca.org\/?p=108\" \/>\n<meta property=\"og:locale\" content=\"en_US\" \/>\n<meta property=\"og:type\" content=\"article\" \/>\n<meta property=\"og:title\" content=\"\u00bfQu\u00e9 es el Adviento? Exploraci\u00f3n Cat\u00f3lica\" \/>\n<meta property=\"og:description\" content=\"Sum\u00e9rgete en el Adviento, una \u00e9poca de preparaci\u00f3n y reflexi\u00f3n en la Iglesia Cat\u00f3lica. Descubre su significado, tradiciones y c\u00f3mo vivirlo.\" \/>\n<meta property=\"og:url\" content=\"https:\/\/fiacifca.org\/?p=108\" \/>\n<meta property=\"og:site_name\" content=\"FIACIFCA: Foro Internacional de Acci\u00f3n Cat\u00f3lica para la Renovaci\u00f3n Misionera\" \/>\n<meta property=\"article:published_time\" content=\"2024-06-08T10:06:24+00:00\" \/>\n<meta property=\"og:image\" content=\"https:\/\/fiacifca.org\/wp-content\/uploads\/2024\/06\/photo-2024-06-04T130812.293.png\" \/>\n\t<meta property=\"og:image:width\" content=\"1200\" \/>\n\t<meta property=\"og:image:height\" content=\"800\" \/>\n\t<meta property=\"og:image:type\" content=\"image\/png\" \/>\n<meta name=\"author\" content=\"coy19\" \/>\n<meta name=\"twitter:card\" content=\"summary_large_image\" \/>\n<meta name=\"twitter:label1\" content=\"Written by\" \/>\n\t<meta name=\"twitter:data1\" content=\"coy19\" \/>\n\t<meta name=\"twitter:label2\" content=\"Est. reading time\" \/>\n\t<meta name=\"twitter:data2\" content=\"6 minutes\" \/>\n<script type=\"application\/ld+json\" class=\"yoast-schema-graph\">{\"@context\":\"https:\\\/\\\/schema.org\",\"@graph\":[{\"@type\":\"Article\",\"@id\":\"https:\\\/\\\/fiacifca.org\\\/?p=108#article\",\"isPartOf\":{\"@id\":\"https:\\\/\\\/fiacifca.org\\\/?p=108\"},\"author\":{\"name\":\"coy19\",\"@id\":\"https:\\\/\\\/fiacifca.org\\\/#\\\/schema\\\/person\\\/5ac00ca3a4995a093c51cc65e65804ee\"},\"headline\":\"Qu\u00e9 Es el Adviento en la Iglesia Cat\u00f3lica\",\"datePublished\":\"2024-06-08T10:06:24+00:00\",\"mainEntityOfPage\":{\"@id\":\"https:\\\/\\\/fiacifca.org\\\/?p=108\"},\"wordCount\":1256,\"commentCount\":0,\"image\":{\"@id\":\"https:\\\/\\\/fiacifca.org\\\/?p=108#primaryimage\"},\"thumbnailUrl\":\"https:\\\/\\\/fiacifca.org\\\/wp-content\\\/uploads\\\/2024\\\/06\\\/photo-2024-06-04T130812.293.png\",\"articleSection\":[\"NOTICIAS\"],\"inLanguage\":\"en-US\",\"potentialAction\":[{\"@type\":\"CommentAction\",\"name\":\"Comment\",\"target\":[\"https:\\\/\\\/fiacifca.org\\\/?p=108#respond\"]}]},{\"@type\":\"WebPage\",\"@id\":\"https:\\\/\\\/fiacifca.org\\\/?p=108\",\"url\":\"https:\\\/\\\/fiacifca.org\\\/?p=108\",\"name\":\"\u00bfQu\u00e9 es el Adviento? Exploraci\u00f3n Cat\u00f3lica\",\"isPartOf\":{\"@id\":\"https:\\\/\\\/fiacifca.org\\\/#website\"},\"primaryImageOfPage\":{\"@id\":\"https:\\\/\\\/fiacifca.org\\\/?p=108#primaryimage\"},\"image\":{\"@id\":\"https:\\\/\\\/fiacifca.org\\\/?p=108#primaryimage\"},\"thumbnailUrl\":\"https:\\\/\\\/fiacifca.org\\\/wp-content\\\/uploads\\\/2024\\\/06\\\/photo-2024-06-04T130812.293.png\",\"datePublished\":\"2024-06-08T10:06:24+00:00\",\"author\":{\"@id\":\"https:\\\/\\\/fiacifca.org\\\/#\\\/schema\\\/person\\\/5ac00ca3a4995a093c51cc65e65804ee\"},\"description\":\"Sum\u00e9rgete en el Adviento, una \u00e9poca de preparaci\u00f3n y reflexi\u00f3n en la Iglesia Cat\u00f3lica. Descubre su significado, tradiciones y c\u00f3mo vivirlo.\",\"breadcrumb\":{\"@id\":\"https:\\\/\\\/fiacifca.org\\\/?p=108#breadcrumb\"},\"inLanguage\":\"en-US\",\"potentialAction\":[{\"@type\":\"ReadAction\",\"target\":[\"https:\\\/\\\/fiacifca.org\\\/?p=108\"]}]},{\"@type\":\"ImageObject\",\"inLanguage\":\"en-US\",\"@id\":\"https:\\\/\\\/fiacifca.org\\\/?p=108#primaryimage\",\"url\":\"https:\\\/\\\/fiacifca.org\\\/wp-content\\\/uploads\\\/2024\\\/06\\\/photo-2024-06-04T130812.293.png\",\"contentUrl\":\"https:\\\/\\\/fiacifca.org\\\/wp-content\\\/uploads\\\/2024\\\/06\\\/photo-2024-06-04T130812.293.png\",\"width\":1200,\"height\":800},{\"@type\":\"BreadcrumbList\",\"@id\":\"https:\\\/\\\/fiacifca.org\\\/?p=108#breadcrumb\",\"itemListElement\":[{\"@type\":\"ListItem\",\"position\":1,\"name\":\"Home\",\"item\":\"https:\\\/\\\/fiacifca.org\\\/\"},{\"@type\":\"ListItem\",\"position\":2,\"name\":\"Qu\u00e9 Es el Adviento en la Iglesia Cat\u00f3lica\"}]},{\"@type\":\"WebSite\",\"@id\":\"https:\\\/\\\/fiacifca.org\\\/#website\",\"url\":\"https:\\\/\\\/fiacifca.org\\\/\",\"name\":\"FIACIFCA: Foro Internacional de Acci\u00f3n Cat\u00f3lica para la Renovaci\u00f3n Misionera\",\"description\":\"Uniendo a los Creyentes en el Servicio y la Oraci\u00f3n, Inspirando y Coordinando la Acci\u00f3n Cat\u00f3lica en el Mundo\",\"potentialAction\":[{\"@type\":\"SearchAction\",\"target\":{\"@type\":\"EntryPoint\",\"urlTemplate\":\"https:\\\/\\\/fiacifca.org\\\/?s={search_term_string}\"},\"query-input\":{\"@type\":\"PropertyValueSpecification\",\"valueRequired\":true,\"valueName\":\"search_term_string\"}}],\"inLanguage\":\"en-US\"},{\"@type\":\"Person\",\"@id\":\"https:\\\/\\\/fiacifca.org\\\/#\\\/schema\\\/person\\\/5ac00ca3a4995a093c51cc65e65804ee\",\"name\":\"coy19\",\"image\":{\"@type\":\"ImageObject\",\"inLanguage\":\"en-US\",\"@id\":\"https:\\\/\\\/secure.gravatar.com\\\/avatar\\\/77980fb0f07aabf88ee0ebb87fd7a7af98fb4660e0393f1030384803b079534e?s=96&d=mm&r=g\",\"url\":\"https:\\\/\\\/secure.gravatar.com\\\/avatar\\\/77980fb0f07aabf88ee0ebb87fd7a7af98fb4660e0393f1030384803b079534e?s=96&d=mm&r=g\",\"contentUrl\":\"https:\\\/\\\/secure.gravatar.com\\\/avatar\\\/77980fb0f07aabf88ee0ebb87fd7a7af98fb4660e0393f1030384803b079534e?s=96&d=mm&r=g\",\"caption\":\"coy19\"},\"sameAs\":[\"https:\\\/\\\/fiacifca.org\"],\"url\":\"https:\\\/\\\/fiacifca.org\\\/?author=1\"}]}<\/script>\n<!-- \/ Yoast SEO plugin. -->","yoast_head_json":{"title":"\u00bfQu\u00e9 es el Adviento? Exploraci\u00f3n Cat\u00f3lica","description":"Sum\u00e9rgete en el Adviento, una \u00e9poca de preparaci\u00f3n y reflexi\u00f3n en la Iglesia Cat\u00f3lica. Descubre su significado, tradiciones y c\u00f3mo vivirlo.","robots":{"index":"index","follow":"follow","max-snippet":"max-snippet:-1","max-image-preview":"max-image-preview:large","max-video-preview":"max-video-preview:-1"},"canonical":"https:\/\/fiacifca.org\/?p=108","og_locale":"en_US","og_type":"article","og_title":"\u00bfQu\u00e9 es el Adviento? Exploraci\u00f3n Cat\u00f3lica","og_description":"Sum\u00e9rgete en el Adviento, una \u00e9poca de preparaci\u00f3n y reflexi\u00f3n en la Iglesia Cat\u00f3lica. Descubre su significado, tradiciones y c\u00f3mo vivirlo.","og_url":"https:\/\/fiacifca.org\/?p=108","og_site_name":"FIACIFCA: Foro Internacional de Acci\u00f3n Cat\u00f3lica para la Renovaci\u00f3n Misionera","article_published_time":"2024-06-08T10:06:24+00:00","og_image":[{"width":1200,"height":800,"url":"https:\/\/fiacifca.org\/wp-content\/uploads\/2024\/06\/photo-2024-06-04T130812.293.png","type":"image\/png"}],"author":"coy19","twitter_card":"summary_large_image","twitter_misc":{"Written by":"coy19","Est. reading time":"6 minutes"},"schema":{"@context":"https:\/\/schema.org","@graph":[{"@type":"Article","@id":"https:\/\/fiacifca.org\/?p=108#article","isPartOf":{"@id":"https:\/\/fiacifca.org\/?p=108"},"author":{"name":"coy19","@id":"https:\/\/fiacifca.org\/#\/schema\/person\/5ac00ca3a4995a093c51cc65e65804ee"},"headline":"Qu\u00e9 Es el Adviento en la Iglesia Cat\u00f3lica","datePublished":"2024-06-08T10:06:24+00:00","mainEntityOfPage":{"@id":"https:\/\/fiacifca.org\/?p=108"},"wordCount":1256,"commentCount":0,"image":{"@id":"https:\/\/fiacifca.org\/?p=108#primaryimage"},"thumbnailUrl":"https:\/\/fiacifca.org\/wp-content\/uploads\/2024\/06\/photo-2024-06-04T130812.293.png","articleSection":["NOTICIAS"],"inLanguage":"en-US","potentialAction":[{"@type":"CommentAction","name":"Comment","target":["https:\/\/fiacifca.org\/?p=108#respond"]}]},{"@type":"WebPage","@id":"https:\/\/fiacifca.org\/?p=108","url":"https:\/\/fiacifca.org\/?p=108","name":"\u00bfQu\u00e9 es el Adviento? Exploraci\u00f3n Cat\u00f3lica","isPartOf":{"@id":"https:\/\/fiacifca.org\/#website"},"primaryImageOfPage":{"@id":"https:\/\/fiacifca.org\/?p=108#primaryimage"},"image":{"@id":"https:\/\/fiacifca.org\/?p=108#primaryimage"},"thumbnailUrl":"https:\/\/fiacifca.org\/wp-content\/uploads\/2024\/06\/photo-2024-06-04T130812.293.png","datePublished":"2024-06-08T10:06:24+00:00","author":{"@id":"https:\/\/fiacifca.org\/#\/schema\/person\/5ac00ca3a4995a093c51cc65e65804ee"},"description":"Sum\u00e9rgete en el Adviento, una \u00e9poca de preparaci\u00f3n y reflexi\u00f3n en la Iglesia Cat\u00f3lica. Descubre su significado, tradiciones y c\u00f3mo vivirlo.","breadcrumb":{"@id":"https:\/\/fiacifca.org\/?p=108#breadcrumb"},"inLanguage":"en-US","potentialAction":[{"@type":"ReadAction","target":["https:\/\/fiacifca.org\/?p=108"]}]},{"@type":"ImageObject","inLanguage":"en-US","@id":"https:\/\/fiacifca.org\/?p=108#primaryimage","url":"https:\/\/fiacifca.org\/wp-content\/uploads\/2024\/06\/photo-2024-06-04T130812.293.png","contentUrl":"https:\/\/fiacifca.org\/wp-content\/uploads\/2024\/06\/photo-2024-06-04T130812.293.png","width":1200,"height":800},{"@type":"BreadcrumbList","@id":"https:\/\/fiacifca.org\/?p=108#breadcrumb","itemListElement":[{"@type":"ListItem","position":1,"name":"Home","item":"https:\/\/fiacifca.org\/"},{"@type":"ListItem","position":2,"name":"Qu\u00e9 Es el Adviento en la Iglesia Cat\u00f3lica"}]},{"@type":"WebSite","@id":"https:\/\/fiacifca.org\/#website","url":"https:\/\/fiacifca.org\/","name":"FIACIFCA: Foro Internacional de Acci\u00f3n Cat\u00f3lica para la Renovaci\u00f3n Misionera","description":"Uniendo a los Creyentes en el Servicio y la Oraci\u00f3n, Inspirando y Coordinando la Acci\u00f3n Cat\u00f3lica en el Mundo","potentialAction":[{"@type":"SearchAction","target":{"@type":"EntryPoint","urlTemplate":"https:\/\/fiacifca.org\/?s={search_term_string}"},"query-input":{"@type":"PropertyValueSpecification","valueRequired":true,"valueName":"search_term_string"}}],"inLanguage":"en-US"},{"@type":"Person","@id":"https:\/\/fiacifca.org\/#\/schema\/person\/5ac00ca3a4995a093c51cc65e65804ee","name":"coy19","image":{"@type":"ImageObject","inLanguage":"en-US","@id":"https:\/\/secure.gravatar.com\/avatar\/77980fb0f07aabf88ee0ebb87fd7a7af98fb4660e0393f1030384803b079534e?s=96&d=mm&r=g","url":"https:\/\/secure.gravatar.com\/avatar\/77980fb0f07aabf88ee0ebb87fd7a7af98fb4660e0393f1030384803b079534e?s=96&d=mm&r=g","contentUrl":"https:\/\/secure.gravatar.com\/avatar\/77980fb0f07aabf88ee0ebb87fd7a7af98fb4660e0393f1030384803b079534e?s=96&d=mm&r=g","caption":"coy19"},"sameAs":["https:\/\/fiacifca.org"],"url":"https:\/\/fiacifca.org\/?author=1"}]}},"_links":{"self":[{"href":"https:\/\/fiacifca.org\/index.php?rest_route=\/wp\/v2\/posts\/108","targetHints":{"allow":["GET"]}}],"collection":[{"href":"https:\/\/fiacifca.org\/index.php?rest_route=\/wp\/v2\/posts"}],"about":[{"href":"https:\/\/fiacifca.org\/index.php?rest_route=\/wp\/v2\/types\/post"}],"author":[{"embeddable":true,"href":"https:\/\/fiacifca.org\/index.php?rest_route=\/wp\/v2\/users\/1"}],"replies":[{"embeddable":true,"href":"https:\/\/fiacifca.org\/index.php?rest_route=%2Fwp%2Fv2%2Fcomments&post=108"}],"version-history":[{"count":1,"href":"https:\/\/fiacifca.org\/index.php?rest_route=\/wp\/v2\/posts\/108\/revisions"}],"predecessor-version":[{"id":110,"href":"https:\/\/fiacifca.org\/index.php?rest_route=\/wp\/v2\/posts\/108\/revisions\/110"}],"wp:featuredmedia":[{"embeddable":true,"href":"https:\/\/fiacifca.org\/index.php?rest_route=\/wp\/v2\/media\/109"}],"wp:attachment":[{"href":"https:\/\/fiacifca.org\/index.php?rest_route=%2Fwp%2Fv2%2Fmedia&parent=108"}],"wp:term":[{"taxonomy":"category","embeddable":true,"href":"https:\/\/fiacifca.org\/index.php?rest_route=%2Fwp%2Fv2%2Fcategories&post=108"},{"taxonomy":"post_tag","embeddable":true,"href":"https:\/\/fiacifca.org\/index.php?rest_route=%2Fwp%2Fv2%2Ftags&post=108"}],"curies":[{"name":"wp","href":"https:\/\/api.w.org\/{rel}","templated":true}]}}